{"id":461,"date":"2020-07-27T10:12:13","date_gmt":"2020-07-27T10:12:13","guid":{"rendered":"https:\/\/zavex.ro\/?p=461"},"modified":"2020-07-27T10:12:19","modified_gmt":"2020-07-27T10:12:19","slug":"noi-fonduri-europene-2020-cate-2-6-milioane-euro-pentru-firme-romanesti-prin-por-2-2-imm-propunerea-oficiala-de-ghid","status":"publish","type":"post","link":"https:\/\/zavex.ro\/en\/noi-fonduri-europene-2020-cate-2-6-milioane-euro-pentru-firme-romanesti-prin-por-2-2-imm-propunerea-oficiala-de-ghid\/","title":{"rendered":"Noi fonduri europene 2020: C\u00e2te 2-6 milioane Euro pentru firme rom\u00e2ne\u0219ti prin POR 2.2-IMM. Propunerea oficial\u0103 de Ghid"},"content":{"rendered":"<p><strong>Firmele mici \u0219i mijlocii (IMM), din diverse domenii, vor putea ob\u021bine noi fonduri europene de c\u00e2te 2-6 milioane euro pe proiect, dintr-o nou\u0103 linie de finan\u021bare POR 2.2-IMM, care urmeaz\u0103 s\u0103 fie lansat\u0103 anul acesta \u00een aproape toat\u0103 \u021bara. Bugetul alocat va fi de 150 de milioane euro, cu posibilitate de extindere la 550 milioane euro, potrivit Ministerului Lucr\u0103rilor Publice Dezvolt\u0103rii \u0219i Adminitra\u021biei.<\/strong><\/p>\n\n\n\n<p>A fost lansat\u0103 \u00een dezbatere public\u0103 propunerea oficial\u0103 de Ghid al Solicitantului \u2013 Condi\u021bii specifice de accesare a fondurilor \u00een cadrul priorit\u0103\u021bii de investi\u021bii 2.2 \u201dSprijinirea cre\u0103rii \u0219i extinderea capacit\u0103\u021bilor avansate de produc\u021bie \u0219i dezvoltarea serviciilor\u201d \u2013 un nou apel de proiecte.<\/p>\n\n\n\n<p>Consultarea public\u0103 se va derula pe o perioad\u0103 de 15 zile calendaristice, \u00eencep\u00e2nd cu data de public\u0103rii variantei de lucru a ghidului, pe website-ul inforegio.ro.<\/p>\n\n\n\n<p>Observa\u021biile \u0219i propunerile pot fi trimise prin e-mail, la <strong><a href=\"mailto:info@mdrap.ro\">info@mdrap.ro<\/a><\/strong>, p\u00e2na la data de<strong> 29.05.2020.<\/strong><\/p>\n\n\n\n<p><a href=\"http:\/\/www.inforegio.ro\/images\/documente\/ghiduri\/axa-2\/ghiduri-in-dezbatere-publica\/2.2_IMM_consultare_publica\/2.2-IMM-Consultare_publica.rar\" target=\"_blank\" rel=\"noreferrer noopener\" title=\"http:\/\/www.inforegio.ro\/images\/documente\/ghiduri\/axa-2\/ghiduri-in-dezbatere-publica\/2.2_IMM_consultare_publica\/2.2-IMM-Consultare_publica.rar\">Descaraca informatiile aici!<\/a><\/p>\n\n\n\n<p>Noile fonduri europene vor fi disponibile pentru investi\u021bii \u00een aproape toat\u0103 \u021bara, cu excep\u021bia Bucure\u0219tiului \u0219i a jude\u021bului Ilfov.<\/p>","protected":false},"excerpt":{"rendered":"<p>Firmele mici \u0219i mijlocii (IMM), din diverse domenii, vor putea ob\u021bine noi fonduri europene de c\u00e2te 2-6 milioane euro pe proiect, dintr-o nou\u0103 linie de finan\u021bare POR 2.2-IMM, care urmeaz\u0103 s\u0103 fie lansat\u0103 anul acesta \u00een aproape toat\u0103 \u021bara. Bugetul alocat va fi de 150 de milioane euro, cu posibilitate de extindere la 550 milioane [&hellip;]<\/p>\n","protected":false},"author":1,"featured_media":0,"comment_status":"closed","ping_status":"open","sticky":false,"template":"","format":"standard","meta":{"footnotes":""},"categories":[48],"tags":[],"class_list":["post-461","post","type-post","status-publish","format-standard","hentry","category-finantari"],"_links":{"self":[{"href":"https:\/\/zavex.ro\/en\/wp-json\/wp\/v2\/posts\/461","targetHints":{"allow":["GET"]}}],"collection":[{"href":"https:\/\/zavex.ro\/en\/wp-json\/wp\/v2\/posts"}],"about":[{"href":"https:\/\/zavex.ro\/en\/wp-json\/wp\/v2\/types\/post"}],"author":[{"embeddable":true,"href":"https:\/\/zavex.ro\/en\/wp-json\/wp\/v2\/users\/1"}],"replies":[{"embeddable":true,"href":"https:\/\/zavex.ro\/en\/wp-json\/wp\/v2\/comments?post=461"}],"version-history":[{"count":1,"href":"https:\/\/zavex.ro\/en\/wp-json\/wp\/v2\/posts\/461\/revisions"}],"predecessor-version":[{"id":462,"href":"https:\/\/zavex.ro\/en\/wp-json\/wp\/v2\/posts\/461\/revisions\/462"}],"wp:attachment":[{"href":"https:\/\/zavex.ro\/en\/wp-json\/wp\/v2\/media?parent=461"}],"wp:term":[{"taxonomy":"category","embeddable":true,"href":"https:\/\/zavex.ro\/en\/wp-json\/wp\/v2\/categories?post=461"},{"taxonomy":"post_tag","embeddable":true,"href":"https:\/\/zavex.ro\/en\/wp-json\/wp\/v2\/tags?post=461"}],"curies":[{"name":"wp","href":"https:\/\/api.w.org\/{rel}","templated":true}]}}